{"id":382,"date":"2019-05-19T10:56:57","date_gmt":"2019-05-19T09:56:57","guid":{"rendered":"http:\/\/edinos.free.fr\/?p=382"},"modified":"2019-05-19T10:56:57","modified_gmt":"2019-05-19T09:56:57","slug":"cituation-34","status":"publish","type":"post","link":"https:\/\/www.edinos.org\/?p=382","title":{"rendered":"Cituation #34"},"content":{"rendered":"<p style=\"text-align: justify;\">Cituation du mois de mai 2019 (Cituation #34) :<\/p>\n<blockquote>\n<p style=\"text-align: justify;\">\u00ab\u00a0Eh ! quel est, en effet, j&rsquo;en appelle \u00e0 vos consciences, j&rsquo;en appelle \u00e0 vos sentiments \u00e0 tous, quel est le grand p\u00e9ril de la <strong>situation<\/strong> actuelle ? L&rsquo;ignorance ; l\u2019ignorance plus encore que la mis\u00e8re&#8230; l&rsquo;ignorance qui nous d\u00e9borde, qui nous assi\u00e8ge, qui nous investit de toutes parts. C&rsquo;est \u00e0 la faveur de l&rsquo;ignorance que certaines doctrines fatales passent de l&rsquo;esprit impitoyable des th\u00e9oriciens dans le cerveau confus des multitudes. Le communisme n&rsquo;est qu&rsquo;une forme de l&rsquo;ignorance. Le jour o\u00f9 l&rsquo;ignorance dispara\u00eetrait, les sophismes s&rsquo;\u00e9vanouiraient. Et c&rsquo;est dans un pareil moment, devant un pareil danger qu&rsquo;on songerait \u00e0 attaquer, \u00e0 mutiler, \u00e0 \u00e9branler toutes ces institutions qui ont pour but sp\u00e9cial de poursuivre, de combattre, de d\u00e9truire l&rsquo;ignorance !\u00a0\u00bb<\/p>\n<\/blockquote>\n<address>Victor Hugo, <a href=\"http:\/\/www.assemblee-nationale.fr\/histoire\/victor_hugo\/discours_fichiers\/seance_11novembre1848.asp\">Discours \u00e0 l\u2019Assembl\u00e9e nationale,\u00a0s\u00e9ance du 11 novembre 1848<\/a>.<\/address>\n<p style=\"text-align: justify;\">Petite parenth\u00e8se dans la saga sartrienne sur la situation, \u00e0 quelques jours des \u00e9lections europ\u00e9ennes sur lesquelles plane, comme toujours depuis quelques temps, la menace populiste x\u00e9nophobe. Est-ce d\u00fb \u00e0 l&rsquo;ignorance, malgr\u00e9 le d\u00e9veloppement scientifique et technologique extraordinaire qui a eu lieu depuis l&rsquo;\u00e9poque Victor Hugo ? On peut le craindre. Les moyens de communication et les r\u00e9seaux sociaux ne sont visiblement pas des rem\u00e8des \u00e0 l&rsquo;ignorance&#8230;<\/p>\n","protected":false},"excerpt":{"rendered":"<p>Cituation du mois de mai 2019 (Cituation #34) : \u00ab\u00a0Eh ! quel est, en effet, j&rsquo;en appelle \u00e0 vos consciences, j&rsquo;en appelle \u00e0 vos sentiments \u00e0 tous, quel est le grand p\u00e9ril de la situation actuelle ? L&rsquo;ignorance ; l\u2019ignorance plus encore que la mis\u00e8re&#8230; l&rsquo;ignorance qui nous d\u00e9borde, qui nous assi\u00e8ge, qui nous investit [&hellip;]<\/p>\n","protected":false},"author":1,"featured_media":0,"comment_status":"open","ping_status":"open","sticky":false,"template":"","format":"quote","meta":{"footnotes":""},"categories":[9],"tags":[],"_links":{"self":[{"href":"https:\/\/www.edinos.org\/index.php?rest_route=\/wp\/v2\/posts\/382"}],"collection":[{"href":"https:\/\/www.edinos.org\/index.php?rest_route=\/wp\/v2\/posts"}],"about":[{"href":"https:\/\/www.edinos.org\/index.php?rest_route=\/wp\/v2\/types\/post"}],"author":[{"embeddable":true,"href":"https:\/\/www.edinos.org\/index.php?rest_route=\/wp\/v2\/users\/1"}],"replies":[{"embeddable":true,"href":"https:\/\/www.edinos.org\/index.php?rest_route=%2Fwp%2Fv2%2Fcomments&post=382"}],"version-history":[{"count":0,"href":"https:\/\/www.edinos.org\/index.php?rest_route=\/wp\/v2\/posts\/382\/revisions"}],"wp:attachment":[{"href":"https:\/\/www.edinos.org\/index.php?rest_route=%2Fwp%2Fv2%2Fmedia&parent=382"}],"wp:term":[{"taxonomy":"category","embeddable":true,"href":"https:\/\/www.edinos.org\/index.php?rest_route=%2Fwp%2Fv2%2Fcategories&post=382"},{"taxonomy":"post_tag","embeddable":true,"href":"https:\/\/www.edinos.org\/index.php?rest_route=%2Fwp%2Fv2%2Ftags&post=382"}],"curies":[{"name":"wp","href":"https:\/\/api.w.org\/{rel}","templated":true}]}}